{"id":528,"date":"2026-03-11T13:55:51","date_gmt":"2026-03-11T12:55:51","guid":{"rendered":"https:\/\/www.association-montessori-madagascar.com\/?p=528"},"modified":"2026-03-19T18:30:09","modified_gmt":"2026-03-19T17:30:09","slug":"lenfant-lespoir-dune-nation","status":"publish","type":"post","link":"https:\/\/www.association-montessori-madagascar.com\/index.php\/2026\/03\/11\/lenfant-lespoir-dune-nation\/","title":{"rendered":"L&#8217;ENFANT, L&#8217;ESPOIR D&#8217;UNE NATION:"},"content":{"rendered":"\n<div class=\"wp-block-group alignwide\"><div class=\"wp-block-group__inner-container is-layout-constrained wp-block-group-is-layout-constrained\">\n<h3 class=\"wp-block-heading alignwide has-text-align-center\">LA VISION MONTESSORI POUR MADAGASCAR<\/h3>\n<\/div><\/div>\n\n\n\n<p class=\"has-text-align-left\">Rallier notre regard sur l&#8217;enfant, tel que le concevait Maria Montessori, c&#8217;est reconna\u00eetre en lui bien plus qu&#8217;un \u00eatre \u00e0 nourrir pour grandir physiquement. C&#8217;est voir en lui bien plus un esprit en formation, une \u00e2me avide de d\u00e9couvertes, qui se nourrit intellectuellement et spirituellement \u00e0 travers son environnement.<\/p>\n\n\n\n<p>Cette vision prend aujourd&#8217;hui tout son sens \u00e0 Madagascar, o\u00f9 la g\u00e9n\u00e9ration Z &#8211; cette jeunesse courageuse et consciente &#8211; s&#8217;est lev\u00e9e pour r\u00e9clamer justice et participer \u00e0 la refondation de notre pays. Pourquoi \u00e9voquer ici Montessori ? Parce qu&#8217;elle affirmait avec conviction:<\/p>\n\n\n\n<blockquote class=\"wp-block-quote is-layout-flow wp-block-quote-is-layout-flow\">\n<p>&#8221; Tout le monde parle de paix mais personne n&#8217;\u00e9duque \u00e0 la paix. On \u00e9duque pour la comp\u00e9tition, et la comp\u00e9tition marque le d\u00e9but de toutes les guerres. Quand on \u00e9duquera pour la coop\u00e9ration et pour nous offrir les uns les autres de la solidarit\u00e9, ce jour-l\u00e0 alors on \u00e9duquera la paix.&#8221;<\/p>\n<\/blockquote>\n\n\n\n<p>Notre syst\u00e8me \u00e9ducatif a, lui aussi, besoin d&#8217;\u00eatre refond\u00e9. Selon le Banque mondiale (2023), seuls 15,27% des \u00e9ducateurs du pr\u00e9scolaires et du primaire sont form\u00e9s \u00e0 Madagascar. Une r\u00e9alit\u00e9 pr\u00e9occupante, car le monde de la petite enfance et de l&#8217;enfance ne devraient jamais \u00eatre rel\u00e9gu\u00e9s au second plan: <strong><em>&#8221; L&#8217; enfant est le p\u00e8re de l&#8217;Homme.&#8221;<\/em><\/strong><\/p>\n\n\n\n<p>Un adulte qui accompagne des enfants doit conna\u00eetre les <strong>stades du d\u00e9veloppement naturel <\/strong>afin de d\u00e9coder leurs gestes, leurs besoins et leurs \u00e9motions. Il doit \u00e9galement d\u00e9velopper <strong>des comp\u00e9tences communicationnelles et \u00e9motionnelles <\/strong>pour instaurer un environnement harmonieux, motivant et respectueux du rythme de chaque enfant.<\/p>\n\n\n\n<p>C&#8217;est pr\u00e9cis\u00e9ment autour de ces valeurs que s&#8217;est construite <strong>l&#8217;Association Montessori Madagascar (AMMA)<\/strong>, une jeune association officiellement n\u00e9e le <strong>1er juin 2025, <\/strong>mais port\u00e9e depuis longtemps par la conviction que l&#8217;\u00e9ducation peut transformer un pays.<\/p>\n\n\n\n<p>Notre association a pour but de <strong>promouvoir <\/strong>la <strong>p\u00e9dagogie Montessori <\/strong>\u00e0 Madagascar, une approche \u00e9ducative qui favorise le <strong>respect du rythme et l&#8217;\u00e9panouissement de chaque individu.<\/strong><\/p>\n\n\n\n<p>Elle vise \u00e9galement \u00e0 <strong>cr\u00e9er une communaut\u00e9 d&#8217;\u00e9change <\/strong>entre les personnes int\u00e9ress\u00e9es par cette p\u00e9dagogie dans le pays, et \u00e0 <strong>faciliter la mise en place de formations certifiantes AMI Montessori <\/strong>en cherchant une collaboration avec les formateurs AMI.<\/p>\n\n\n\n<p><strong>Association Montessori Madagascar<\/strong><\/p>\n\n\n\n<p><\/p>\n","protected":false},"excerpt":{"rendered":"<p>LA VISION MONTESSORI POUR MADAGASCAR Rallier notre regard sur l&#8217;enfant, tel que le concevait Maria Montessori, c&#8217;est reconna\u00eetre en lui bien plus qu&#8217;un \u00eatre \u00e0 nourrir pour grandir physiquement. C&#8217;est voir en lui bien plus un esprit en formation, une \u00e2me avide de d\u00e9couvertes, qui se nourrit intellectuellement et spirituellement \u00e0 travers son environnement. Cette [&hellip;]<\/p>\n","protected":false},"author":4,"featured_media":0,"comment_status":"open","ping_status":"open","sticky":false,"template":"","format":"standard","meta":{"footnotes":""},"categories":[],"tags":[],"class_list":["post-528","post","type-post","status-publish","format-standard","hentry"],"_links":{"self":[{"href":"https:\/\/www.association-montessori-madagascar.com\/index.php\/wp-json\/wp\/v2\/posts\/528","targetHints":{"allow":["GET"]}}],"collection":[{"href":"https:\/\/www.association-montessori-madagascar.com\/index.php\/wp-json\/wp\/v2\/posts"}],"about":[{"href":"https:\/\/www.association-montessori-madagascar.com\/index.php\/wp-json\/wp\/v2\/types\/post"}],"author":[{"embeddable":true,"href":"https:\/\/www.association-montessori-madagascar.com\/index.php\/wp-json\/wp\/v2\/users\/4"}],"replies":[{"embeddable":true,"href":"https:\/\/www.association-montessori-madagascar.com\/index.php\/wp-json\/wp\/v2\/comments?post=528"}],"version-history":[{"count":3,"href":"https:\/\/www.association-montessori-madagascar.com\/index.php\/wp-json\/wp\/v2\/posts\/528\/revisions"}],"predecessor-version":[{"id":534,"href":"https:\/\/www.association-montessori-madagascar.com\/index.php\/wp-json\/wp\/v2\/posts\/528\/revisions\/534"}],"wp:attachment":[{"href":"https:\/\/www.association-montessori-madagascar.com\/index.php\/wp-json\/wp\/v2\/media?parent=528"}],"wp:term":[{"taxonomy":"category","embeddable":true,"href":"https:\/\/www.association-montessori-madagascar.com\/index.php\/wp-json\/wp\/v2\/categories?post=528"},{"taxonomy":"post_tag","embeddable":true,"href":"https:\/\/www.association-montessori-madagascar.com\/index.php\/wp-json\/wp\/v2\/tags?post=528"}],"curies":[{"name":"wp","href":"https:\/\/api.w.org\/{rel}","templated":true}]}}